{"id":14320,"date":"2025-05-28T12:48:45","date_gmt":"2025-05-28T11:48:45","guid":{"rendered":"https:\/\/22.alutraum.com\/?p=14320"},"modified":"2025-05-28T12:48:47","modified_gmt":"2025-05-28T11:48:47","slug":"pls-47942","status":"publish","type":"post","link":"https:\/\/22.alutraum.com\/?p=14320","title":{"rendered":"PLS 47942"},"content":{"rendered":"\nngg_shortcode_0_placeholder\n\n\n\n<h4 class=\"wp-block-heading\">Weitere technische Daten<\/h4>\n\n\n\n<p>Zul\u00e4ssiges Gesamtgewicht 2.700\u00a0kg<\/p>\n\n\n\n<p>Achsen 2 <\/p>\n\n\n\n<p>Nutzlast 2.040\u00a0kg <\/p>\n\n\n\n<p>Breite 2.290\u00a0mm <\/p>\n\n\n\n<p>H\u00f6he 2.570\u00a0mm <\/p>\n\n\n\n<p>Laderauml\u00e4nge 4.000\u00a0mm <\/p>\n\n\n\n<p>Laderaumbreite 1.700\u00a0mm <\/p>\n\n\n\n<p>Laderaumh\u00f6he2.000\u00a0mm<\/p>\n\n\n\n<p>Gewicht 660\u00a0kg<\/p>\n\n\n\n<h4 class=\"wp-block-heading\">Fahrzeugbeschreibung<\/h4>\n\n\n\n<p>Alutraum-Anh\u00e4nger 2700 Kg<\/p>\n\n\n\n<p>Nutzlast 2040 Kg<\/p>\n\n\n\n<p>Eigengewicht 660 Kg<\/p>\n\n\n\n<p>Pulverbeschichtet<\/p>\n\n\n\n<p>Alufelgen<\/p>\n\n\n\n<p>LED Beleuchtung<\/p>\n\n\n\n<p>Heckklappe als Auffahrrampe<\/p>\n\n\n\n<p>Sto\u00dfd\u00e4mpfer f\u00fcr 100 Km\/h Zulassung<\/p>\n\n\n\n<p>2 St\u00fctzen hinten<\/p>\n\n\n\n<p>Schweres St\u00fctzrad in V-Deichsel montiert<\/p>\n\n\n\n<p>Airlinschiene rechts &amp; links im Anh\u00e4nger montiert<\/p>\n\n\n\n<p>Kotfl\u00fcgel aus Aluriffelblech<\/p>\n\n\n\n<p>Anh\u00e4nger komplett aus Aluminium<\/p>\n\n\n\n<hr class=\"wp-block-separator has-alpha-channel-opacity\"\/>\n","protected":false},"excerpt":{"rendered":"<p>Weitere technische Daten Zul\u00e4ssiges Gesamtgewicht 2.700\u00a0kg Achsen 2 Nutzlast 2.040\u00a0kg Breite 2.290\u00a0mm H\u00f6he 2.570\u00a0mm Laderauml\u00e4nge 4.000\u00a0mm Laderaumbreite 1.700\u00a0mm Laderaumh\u00f6he2.000\u00a0mm Gewicht 660\u00a0kg Fahrzeugbeschreibung Alutraum-Anh\u00e4nger 2700 Kg Nutzlast 2040 Kg Eigengewicht 660 Kg Pulverbeschichtet Alufelgen LED Beleuchtung Heckklappe als Auffahrrampe Sto\u00dfd\u00e4mpfer f\u00fcr 100 Km\/h Zulassung 2 St\u00fctzen hinten Schweres St\u00fctzrad in V-Deichsel montiert Airlinschiene rechts &amp; links&hellip; <br \/> <a class=\"read-more\" href=\"https:\/\/22.alutraum.com\/?p=14320\">Weiterlesen<\/a><\/p>\n","protected":false},"author":1,"featured_media":14321,"comment_status":"closed","ping_status":"closed","sticky":false,"template":"","format":"standard","meta":{"ngg_post_thumbnail":5292,"footnotes":""},"categories":[250,245],"tags":[217,319,39],"class_list":["post-14320","post","type-post","status-publish","format-standard","has-post-thumbnail","hentry","category-motorrad-trailer","category-plane-spriegel","tag-heckklappe","tag-magenta","tag-plane-spriegel"],"_links":{"self":[{"href":"https:\/\/22.alutraum.com\/index.php?rest_route=\/wp\/v2\/posts\/14320","targetHints":{"allow":["GET"]}}],"collection":[{"href":"https:\/\/22.alutraum.com\/index.php?rest_route=\/wp\/v2\/posts"}],"about":[{"href":"https:\/\/22.alutraum.com\/index.php?rest_route=\/wp\/v2\/types\/post"}],"author":[{"embeddable":true,"href":"https:\/\/22.alutraum.com\/index.php?rest_route=\/wp\/v2\/users\/1"}],"replies":[{"embeddable":true,"href":"https:\/\/22.alutraum.com\/index.php?rest_route=%2Fwp%2Fv2%2Fcomments&post=14320"}],"version-history":[{"count":1,"href":"https:\/\/22.alutraum.com\/index.php?rest_route=\/wp\/v2\/posts\/14320\/revisions"}],"predecessor-version":[{"id":14322,"href":"https:\/\/22.alutraum.com\/index.php?rest_route=\/wp\/v2\/posts\/14320\/revisions\/14322"}],"wp:featuredmedia":[{"embeddable":true,"href":"https:\/\/22.alutraum.com\/index.php?rest_route=\/wp\/v2\/media\/14321"}],"wp:attachment":[{"href":"https:\/\/22.alutraum.com\/index.php?rest_route=%2Fwp%2Fv2%2Fmedia&parent=14320"}],"wp:term":[{"taxonomy":"category","embeddable":true,"href":"https:\/\/22.alutraum.com\/index.php?rest_route=%2Fwp%2Fv2%2Fcategories&post=14320"},{"taxonomy":"post_tag","embeddable":true,"href":"https:\/\/22.alutraum.com\/index.php?rest_route=%2Fwp%2Fv2%2Ftags&post=14320"}],"curies":[{"name":"wp","href":"https:\/\/api.w.org\/{rel}","templated":true}]}}